{"id":41,"date":"2010-09-17T16:15:00","date_gmt":"2010-09-17T16:15:00","guid":{"rendered":"http:\/\/equipoaparejador.com\/blog\/?p=41"},"modified":"2021-05-06T23:25:31","modified_gmt":"2021-05-06T21:25:31","slug":"noticia-ii-salon-de-la-vivienda-social","status":"publish","type":"post","link":"https:\/\/equipoaparejador.com\/blog\/noticia-ii-salon-de-la-vivienda-social","title":{"rendered":"Noticia. II Sal\u00f3n de la vivienda social."},"content":{"rendered":"\n<p class=\"wp-block-paragraph\">Transcribo a continuaci\u00f3n una noticia publicada hoy por <a href=\"http:\/\/www.elmundo.es\/elmundo\/2010\/09\/17\/suvivienda\/1284722470.html?a=OUT21d2819913da9cbd6c862b03223293f9a&amp;t=1284731290\">El Mundo &#8211; Vivienda<\/a> que me parece interesante:<\/p>\n\n\n\n<div class=\"wp-block-image\"><figure class=\"aligncenter size-large is-resized\"><img decoding=\"async\" src=\"http:\/\/equipoaparejador.com\/blog\/wp-content\/uploads\/2021\/05\/RH2216-0014.jpg\" alt=\"\" class=\"wp-image-2239\" width=\"900\"\/><figcaption>[\u00a9(c)Roland Halbe; Veroeffentlichung nur gegen Honorar, Urhebervermerk und Beleg \/ Copyrightpermission required for reproduction, Photocredit: Roland Halbe]<\/figcaption><\/figure><\/div>\n\n\n\n<p class=\"wp-block-paragraph\"><br \/>El Ministerio de Vivienda, la Comunidad de Madrid y los 179 ayuntamientos de la regi\u00f3n madrile\u00f1a se citan, desde este viernes 17 de septiembre y hasta el domingo 19, en la II edici\u00f3n del Sal\u00f3n de la Vivienda Social, Asequible y Sostenible de Madrid, que se celebra en los recintos feriales de la Casa de Campo.<\/p>\n\n\n\n<p class=\"wp-block-paragraph\">La ministra de Vivienda, <strong>Beatriz Corredor<\/strong>, y el viceconsejero de Vivienda de la Comunidad de Madrid, <strong>Juan Blasco<\/strong>, ser\u00e1n algunos de los encargados de dar el pistoletazo de salida a la cita inmobiliaria en el acto de <strong>inauguraci\u00f3n<\/strong>.<\/p>\n\n\n\n<p class=\"wp-block-paragraph\">Este Sal\u00f3n es el \u00fanico en el que la vivienda p\u00fablica centra la oferta principal de todas las administraciones con presencia en Madrid. En \u00e9l se presentar\u00e1n las viviendas protegidas y de precio asequible promovidas por <strong>gestoras de cooperativas y promotores p\u00fablicos y privados de vivienda<\/strong>. Adem\u00e1s, en esta edici\u00f3n tambi\u00e9n se abre la participaci\u00f3n a las entidades financieras y hay que destacar la presencia de <strong>Banco Santander<\/strong>.<\/p>\n\n\n\n<p class=\"wp-block-paragraph\">El promotor de la iniciativa, el Grupo C\u00f3dice, ha explicado que las administraciones son conscientes de que <strong>la vivienda social es una buena soluci\u00f3n en momentos de crisis<\/strong>, tanto para las empresas como para los ciudadanos que buscan acceder a una vivienda a precios asequibles.<br \/>Los visitantes podr\u00e1n encontrar la oferta de vivienda p\u00fablica y privada de la Comunidad, informaci\u00f3n sobre las diferentes <strong>ayudas<\/strong> que ofrecen las administraciones para facilitar el acceso a la vivienda, <strong>tanto en compra como en alquiler<\/strong>, as\u00ed como toda la informaci\u00f3n sobre los <strong>planes nacionales, auton\u00f3micos y municipales de vivienda<\/strong>. Tambi\u00e9n se podr\u00e1 encontrar informaci\u00f3n sobre los <strong>programas de rehabilitaci\u00f3n<\/strong>.<br \/>El Ministerio de Vivienda, la Comunidad de Madrid y diferentes ayuntamientos, entre los que se incluyen los de <strong>Madrid, Getafe, Alcal\u00e1 de Henares, Rivas Vaciamadrid, M\u00f3stoles, Villanueva de la Ca\u00f1ada, Las Rozas o Legan\u00e9s<\/strong> acuden a esta segunda edici\u00f3n, que abre sus puertas de 11 a 20 horas. <strong>La entrada ser\u00e1 gratuita<\/strong>.<\/p>\n","protected":false},"excerpt":{"rendered":"<p>Transcribo a continuaci\u00f3n una noticia publicada hoy por El Mundo &#8211; Vivienda que me parece interesante: El Ministerio de Vivienda, la Comunidad de Madrid y los 179 ayuntamientos de la regi\u00f3n madrile\u00f1a se citan, desde este viernes 17 de septiembre y hasta el domingo 19, en la II edici\u00f3n del Sal\u00f3n de la Vivienda Social, [&hellip;]<\/p>\n","protected":false},"author":3,"featured_media":0,"comment_status":"open","ping_status":"open","sticky":false,"template":"","format":"standard","meta":{"_uag_custom_page_level_css":"","footnotes":""},"categories":[7],"tags":[],"class_list":["post-41","post","type-post","status-publish","format-standard","category-noticias","czr-hentry"],"uagb_featured_image_src":{"full":false,"thumbnail":false,"medium":false,"medium_large":false,"large":false,"1536x1536":false,"2048x2048":false,"tc-grid-full":false,"tc-grid":false,"tc-thumb":false,"slider-full":false,"slider":false,"tc-sq-thumb":false,"tc-ws-thumb":false,"tc-ws-small-thumb":false,"tc-slider-small":false},"uagb_author_info":{"display_name":"Andr\u00e9s Mart\u00edn","author_link":"https:\/\/equipoaparejador.com\/blog\/author\/blogandres"},"uagb_comment_info":0,"uagb_excerpt":"Transcribo a continuaci\u00f3n una noticia publicada hoy por El Mundo &#8211; Vivienda que me parece interesante: El Ministerio de Vivienda, la Comunidad de Madrid y los 179 ayuntamientos de la regi\u00f3n madrile\u00f1a se citan, desde este viernes 17 de septiembre y hasta el domingo 19, en la II edici\u00f3n del Sal\u00f3n de la Vivienda Social,&hellip;","_links":{"self":[{"href":"https:\/\/equipoaparejador.com\/blog\/wp-json\/wp\/v2\/posts\/41","targetHints":{"allow":["GET"]}}],"collection":[{"href":"https:\/\/equipoaparejador.com\/blog\/wp-json\/wp\/v2\/posts"}],"about":[{"href":"https:\/\/equipoaparejador.com\/blog\/wp-json\/wp\/v2\/types\/post"}],"author":[{"embeddable":true,"href":"https:\/\/equipoaparejador.com\/blog\/wp-json\/wp\/v2\/users\/3"}],"replies":[{"embeddable":true,"href":"https:\/\/equipoaparejador.com\/blog\/wp-json\/wp\/v2\/comments?post=41"}],"version-history":[{"count":0,"href":"https:\/\/equipoaparejador.com\/blog\/wp-json\/wp\/v2\/posts\/41\/revisions"}],"wp:attachment":[{"href":"https:\/\/equipoaparejador.com\/blog\/wp-json\/wp\/v2\/media?parent=41"}],"wp:term":[{"taxonomy":"category","embeddable":true,"href":"https:\/\/equipoaparejador.com\/blog\/wp-json\/wp\/v2\/categories?post=41"},{"taxonomy":"post_tag","embeddable":true,"href":"https:\/\/equipoaparejador.com\/blog\/wp-json\/wp\/v2\/tags?post=41"}],"curies":[{"name":"wp","href":"https:\/\/api.w.org\/{rel}","templated":true}]}}