{"id":1266,"date":"2014-10-27T20:00:20","date_gmt":"2014-10-27T19:00:20","guid":{"rendered":"http:\/\/equipoaparejador.com\/blog\/?p=1266"},"modified":"2025-05-02T12:35:28","modified_gmt":"2025-05-02T10:35:28","slug":"seguimiento-de-obra-equipo-aparejador-vivienda-unifamiliar-singular-en-las-rozas-de-madrid-proyecto-del-estudio-de-arquitectura-a-cero-23","status":"publish","type":"post","link":"https:\/\/equipoaparejador.com\/blog\/seguimiento-de-obra-equipo-aparejador-vivienda-unifamiliar-singular-en-las-rozas-de-madrid-proyecto-del-estudio-de-arquitectura-a-cero-23","title":{"rendered":"Seguimiento de obra \u2013 equipo aparejador: Vivienda Unifamiliar singular en Las Rozas de Madrid. Proyecto del estudio de Arquitectura A-cero (23)"},"content":{"rendered":"\n<p class=\"wp-block-paragraph\">Seguimos viendo detalles&nbsp;de la vivienda unifamiliar en Las Rozas de Madrid &#8230;<\/p>\n\n\n\n<div class=\"wp-block-image\"><figure class=\"aligncenter\"><a href=\"http:\/\/equipoaparejador.com\/blog\/wp-content\/uploads\/2014\/06\/IMG_4585.jpg\"><img decoding=\"async\" width=\"640\" height=\"284\" src=\"http:\/\/equipoaparejador.com\/blog\/wp-content\/uploads\/2014\/06\/IMG_4585.jpg\" alt=\"Obra vivienda unifamiliar Las Rozas de Madrid.Equipo Aparejador\" class=\"wp-image-1267\" srcset=\"https:\/\/equipoaparejador.com\/blog\/wp-content\/uploads\/2014\/06\/IMG_4585.jpg 640w, https:\/\/equipoaparejador.com\/blog\/wp-content\/uploads\/2014\/06\/IMG_4585-300x133.jpg 300w\" sizes=\"(max-width: 640px) 100vw, 640px\" \/><\/a><figcaption>Fachada posterior&nbsp;y Piscina.<\/figcaption><\/figure><\/div>\n\n\n\n<!--more-->\n\n\n\n<p class=\"wp-block-paragraph\">En el interior de la vivienda, observamos una comparaci\u00f3n entre la propuesta de interiorismo de A-cero y la ejecuci\u00f3n de la misma mediante un laborioso trabajo del cart\u00f3n-yeso.<\/p>\n\n\n\n<div class=\"wp-block-image\"><figure class=\"aligncenter\"><a href=\"http:\/\/equipoaparejador.com\/blog\/wp-content\/uploads\/2014\/06\/2-copia2.jpg\"><img decoding=\"async\" width=\"512\" height=\"301\" src=\"http:\/\/equipoaparejador.com\/blog\/wp-content\/uploads\/2014\/06\/2-copia2.jpg\" alt=\"Obra vivienda unifamiliar Las Rozas de Madrid.Equipo Aparejador\" class=\"wp-image-1269\" srcset=\"https:\/\/equipoaparejador.com\/blog\/wp-content\/uploads\/2014\/06\/2-copia2.jpg 512w, https:\/\/equipoaparejador.com\/blog\/wp-content\/uploads\/2014\/06\/2-copia2-300x176.jpg 300w\" sizes=\"(max-width: 512px) 100vw, 512px\" \/><\/a><figcaption>Propuesta Interiorismo A-cero.<\/figcaption><\/figure><\/div>\n\n\n\n<div class=\"wp-block-image\"><figure class=\"aligncenter\"><a href=\"http:\/\/equipoaparejador.com\/blog\/wp-content\/uploads\/2014\/06\/IMG_4660.jpg\"><img decoding=\"async\" width=\"448\" height=\"336\" src=\"http:\/\/equipoaparejador.com\/blog\/wp-content\/uploads\/2014\/06\/IMG_4660.jpg\" alt=\"Obra vivienda unifamiliar Las Rozas de Madrid.Equipo Aparejador\" class=\"wp-image-1270\" srcset=\"https:\/\/equipoaparejador.com\/blog\/wp-content\/uploads\/2014\/06\/IMG_4660.jpg 448w, https:\/\/equipoaparejador.com\/blog\/wp-content\/uploads\/2014\/06\/IMG_4660-300x224.jpg 300w\" sizes=\"(max-width: 448px) 100vw, 448px\" \/><\/a><figcaption>Ejecuci\u00f3n proyecto interiorismo&nbsp;en paredes y techos con Cart\u00f3n-yeso.<\/figcaption><\/figure><\/div>\n\n\n\n<p class=\"wp-block-paragraph\">En la siguiente comparaci\u00f3n podemos observar la ejecuci\u00f3n de las estanter\u00edas de un dormitorio.<\/p>\n\n\n\n<div class=\"wp-block-image\"><figure class=\"aligncenter\"><a href=\"http:\/\/equipoaparejador.com\/blog\/wp-content\/uploads\/2014\/06\/dorm-invitados-copia.jpg\"><img decoding=\"async\" width=\"512\" height=\"301\" src=\"http:\/\/equipoaparejador.com\/blog\/wp-content\/uploads\/2014\/06\/dorm-invitados-copia.jpg\" alt=\"Obra vivienda unifamiliar Las Rozas de Madrid.Equipo Aparejador\" class=\"wp-image-1271\" srcset=\"https:\/\/equipoaparejador.com\/blog\/wp-content\/uploads\/2014\/06\/dorm-invitados-copia.jpg 512w, https:\/\/equipoaparejador.com\/blog\/wp-content\/uploads\/2014\/06\/dorm-invitados-copia-300x176.jpg 300w\" sizes=\"(max-width: 512px) 100vw, 512px\" \/><\/a><figcaption>Propuesta de Interiorismo A-cero.<\/figcaption><\/figure><\/div>\n\n\n\n<div class=\"wp-block-image\"><figure class=\"aligncenter\"><a href=\"http:\/\/equipoaparejador.com\/blog\/wp-content\/uploads\/2014\/06\/IMG_4669.jpg\"><img decoding=\"async\" width=\"448\" height=\"336\" src=\"http:\/\/equipoaparejador.com\/blog\/wp-content\/uploads\/2014\/06\/IMG_4669.jpg\" alt=\"Obra vivienda unifamiliar Las Rozas de Madrid.Equipo Aparejador\" class=\"wp-image-1272\" srcset=\"https:\/\/equipoaparejador.com\/blog\/wp-content\/uploads\/2014\/06\/IMG_4669.jpg 448w, https:\/\/equipoaparejador.com\/blog\/wp-content\/uploads\/2014\/06\/IMG_4669-300x224.jpg 300w\" sizes=\"(max-width: 448px) 100vw, 448px\" \/><\/a><figcaption>Estanter\u00edas dormitorio de Cart\u00f3n-yeso y prueba de color.<\/figcaption><\/figure><\/div>\n\n\n\n<p class=\"wp-block-paragraph\">Respecto a las fachadas, se ha colocado la estructura portante, sobre la que ir\u00e1n adheridos los vidrios lacados de color negro.<\/p>\n\n\n\n<div class=\"wp-block-image\"><figure class=\"aligncenter\"><a href=\"http:\/\/equipoaparejador.com\/blog\/wp-content\/uploads\/2014\/06\/4-copia1.jpg\"><img decoding=\"async\" width=\"512\" height=\"305\" src=\"http:\/\/equipoaparejador.com\/blog\/wp-content\/uploads\/2014\/06\/4-copia1.jpg\" alt=\"Obra vivienda unifamiliar Las Rozas de Madrid.Equipo Aparejador\" class=\"wp-image-1274\" srcset=\"https:\/\/equipoaparejador.com\/blog\/wp-content\/uploads\/2014\/06\/4-copia1.jpg 512w, https:\/\/equipoaparejador.com\/blog\/wp-content\/uploads\/2014\/06\/4-copia1-300x178.jpg 300w\" sizes=\"(max-width: 512px) 100vw, 512px\" \/><\/a><figcaption>Infograf\u00eda realizada por el estudio de arquitectura A-cero.<\/figcaption><\/figure><\/div>\n\n\n\n<div class=\"wp-block-image\"><figure class=\"aligncenter\"><a href=\"http:\/\/equipoaparejador.com\/blog\/wp-content\/uploads\/2014\/06\/IMG_4718.jpg\"><img decoding=\"async\" width=\"336\" height=\"448\" src=\"http:\/\/equipoaparejador.com\/blog\/wp-content\/uploads\/2014\/06\/IMG_4718.jpg\" alt=\"Obra vivienda unifamiliar Las Rozas de Madrid.Equipo Aparejador\" class=\"wp-image-1275\" srcset=\"https:\/\/equipoaparejador.com\/blog\/wp-content\/uploads\/2014\/06\/IMG_4718.jpg 336w, https:\/\/equipoaparejador.com\/blog\/wp-content\/uploads\/2014\/06\/IMG_4718-224x300.jpg 224w\" sizes=\"(max-width: 336px) 100vw, 336px\" \/><\/a><figcaption>Colocaci\u00f3n estructura met\u00e1lica como soporte de los vidrios lacados que faltan por colocar.<\/figcaption><\/figure><\/div>\n\n\n\n<p class=\"wp-block-paragraph\">Espero que os haya resultado interesante.<\/p>\n","protected":false},"excerpt":{"rendered":"<p>Seguimos viendo detalles&nbsp;de la vivienda unifamiliar en Las Rozas de Madrid &#8230;<\/p>\n","protected":false},"author":5,"featured_media":0,"comment_status":"open","ping_status":"closed","sticky":false,"template":"","format":"standard","meta":{"_uag_custom_page_level_css":"","footnotes":""},"categories":[10,16],"tags":[67,68,69,44],"class_list":["post-1266","post","type-post","status-publish","format-standard","category-nuestras-obras","category-sistemas-constructivos","tag-aparejador","tag-arquitectotecnico","tag-direccionfacultativa","tag-vivienda-unifamiliar-las-rozas-de-madrid-a-cero","czr-hentry"],"uagb_featured_image_src":{"full":false,"thumbnail":false,"medium":false,"medium_large":false,"large":false,"1536x1536":false,"2048x2048":false,"tc-grid-full":false,"tc-grid":false,"tc-thumb":false,"slider-full":false,"slider":false,"tc-sq-thumb":false,"tc-ws-thumb":false,"tc-ws-small-thumb":false,"tc-slider-small":false},"uagb_author_info":{"display_name":"","author_link":"https:\/\/equipoaparejador.com\/blog\/author"},"uagb_comment_info":0,"uagb_excerpt":"Seguimos viendo detalles&nbsp;de la vivienda unifamiliar en Las Rozas de Madrid &#8230;","_links":{"self":[{"href":"https:\/\/equipoaparejador.com\/blog\/wp-json\/wp\/v2\/posts\/1266","targetHints":{"allow":["GET"]}}],"collection":[{"href":"https:\/\/equipoaparejador.com\/blog\/wp-json\/wp\/v2\/posts"}],"about":[{"href":"https:\/\/equipoaparejador.com\/blog\/wp-json\/wp\/v2\/types\/post"}],"author":[{"embeddable":true,"href":"https:\/\/equipoaparejador.com\/blog\/wp-json\/wp\/v2\/users\/5"}],"replies":[{"embeddable":true,"href":"https:\/\/equipoaparejador.com\/blog\/wp-json\/wp\/v2\/comments?post=1266"}],"version-history":[{"count":1,"href":"https:\/\/equipoaparejador.com\/blog\/wp-json\/wp\/v2\/posts\/1266\/revisions"}],"predecessor-version":[{"id":4162,"href":"https:\/\/equipoaparejador.com\/blog\/wp-json\/wp\/v2\/posts\/1266\/revisions\/4162"}],"wp:attachment":[{"href":"https:\/\/equipoaparejador.com\/blog\/wp-json\/wp\/v2\/media?parent=1266"}],"wp:term":[{"taxonomy":"category","embeddable":true,"href":"https:\/\/equipoaparejador.com\/blog\/wp-json\/wp\/v2\/categories?post=1266"},{"taxonomy":"post_tag","embeddable":true,"href":"https:\/\/equipoaparejador.com\/blog\/wp-json\/wp\/v2\/tags?post=1266"}],"curies":[{"name":"wp","href":"https:\/\/api.w.org\/{rel}","templated":true}]}}